{
    "id": 792,
    "date": "2021-07-19T16:59:07",
    "date_gmt": "2021-07-19T19:59:07",
    "guid": {
        "rendered": "https:\/\/www.selavip.org\/?p=792"
    },
    "modified": "2024-01-09T18:47:50",
    "modified_gmt": "2024-01-09T21:47:50",
    "slug": "primer-aniversario-del-fallecimiento-del-carismatico-fundador-de-selavip",
    "status": "publish",
    "type": "post",
    "link": "https:\/\/www.selavip.org\/es\/2021\/07\/19\/primer-aniversario-del-fallecimiento-del-carismatico-fundador-de-selavip\/",
    "title": {
        "rendered": "Primer aniversario del fallecimiento del carism\u00e1tico fundador de Selavip"
    },
    "content": {
        "rendered": "<p>Como ya lo sabr\u00e1n, hoy es el primer aniversario del fallecimiento del carism\u00e1tico fundador de Selavip, el\u00a0<strong>padre Josse vannn der Rest s.j.<\/strong><\/p>\n<p>En esta oportunidad, queremos compartir con ustedes a continuaci\u00f3n los enlaces a un documental de 30 minutos sobre \u00e9l, producido poco antes de su muerte (en ingl\u00e9s, espa\u00f1ol y franc\u00e9s).<\/p>\n<p>Nos gustar\u00eda aprovechar este momento para agradecerle su inter\u00e9s y apoyo a la causa que \u00e9l persigui\u00f3 constantemente desde la d\u00e9cada de 1960, el derecho a una vivienda estable para los m\u00e1s pobres de los barrios marginales urbanos.<\/p>\n<p>Ha sido uno de los primeros en hacer una contribuci\u00f3n internacional significativa a la pol\u00edtica y pr\u00e1ctica de la vivienda en los barrios marginales y hoy Selavip est\u00e1 tratando de seguir marcando una diferencia en los fundamentos de los desaf\u00edos de la vivienda en los barrios marginales.<\/p>\n<p>Desde entonces, el crecimiento demogr\u00e1fico, las tendencias migratorias y las limitaciones de sostenibilidad se han intensificado continuamente, mientras que las soluciones no han evolucionado lo suficiente para hacer frente a las crecientes necesidades.<\/p>\n<p>Por lo tanto, nos gustar\u00eda alentarlos a mantener e intensificar su compromiso con el tema, sin dudar en acercarse y desafiar a Selavip cuando surjan oportunidades relevantes.<\/p>\n<p>La familia del padre Josse, que respalda a Selavip para promover su mayor desarrollo, as\u00ed como el equipo de Selavip, esperan unir fuerzas con ustedes para defender los intereses de los m\u00e1s pobres de los habitantes de los barrios marginales y estar en contacto con ustedes en el futuro. para este noble prop\u00f3sito.<\/p>\n<p>Mientras tanto, esperamos que disfruten viendo el documental sobre el padre Josse.<\/p>\n<p><center><iframe loading=\"lazy\" title=\"\u00bfHa usted encontrado alguna vez un \u00e1ngel? JOSSE VAN DER REST\" width=\"640\" height=\"360\" src=\"https:\/\/www.youtube.com\/embed\/_6JzoaqLV0c?feature=oembed\" frameborder=\"0\" allow=\"accelerometer; autoplay; clipboard-write; encrypted-media; gyroscope; picture-in-picture; web-share\" referrerpolicy=\"strict-origin-when-cross-origin\" allowfullscreen><\/iframe><\/center><br \/>\n<\/p>\n<hr \/>\n<p><em><strong>PREMIER ANNIVERSAIRE DU D\u00c9C\u00c8S DU FONDATEUR CHARIMATIQUE DE SELAVIP<\/strong><\/em><\/p>\n<p><em>Comme vous le savez peut-\u00eatre, c&#8217;est aujourd&#8217;hui le premier anniversaire du d\u00e9c\u00e8s du fondateur charismatique de Selavip, le\u00a0<strong>p\u00e8re Josse van der Rest s.j.<\/strong><\/em><\/p>\n<p><em>A cette occasion, nous d\u00e9sirons partager avec vous (voir ci-dessous) les liens vers un documentaire de 30 minutes sur lui, r\u00e9alis\u00e9 peu de temps avant sa mort (en anglais, espagnol et fran\u00e7ais).<\/em><\/p>\n<p><em>Nous voudrions profiter de ce moment pour vous remercier de votre int\u00e9r\u00eat et de votre soutien \u00e0 la cause qu&#8217;il a poursuivie avec constance depuis les ann\u00e9es 1960, le droit \u00e0 un logement stable pour les plus pauvres des pauvres des bidonvilles en milieu urbain.<\/em><\/p>\n<p><em>Il a \u00e9t\u00e9 parmi les premiers \u00e0 apporter une contribution internationale significative \u00e0 la politique et \u00e0 la pratique du logement dans les bidonvilles et aujourd&#8217;hui, Selavip essaie de continuer \u00e0 faire la diff\u00e9rence sur la base des d\u00e9fis du logement dans les bidonvilles.<\/em><\/p>\n<p><em>Depuis lors, la croissance d\u00e9mographique, les tendances migratoires et les contraintes de durabilit\u00e9 se sont continuellement intensifi\u00e9es, tandis que les solutions n&#8217;ont pas suffisamment \u00e9volu\u00e9 pour faire face aux besoins croissants.<\/em><\/p>\n<p><em>C&#8217;est pourquoi nous aimerions vous encourager \u00e0 maintenir et \u00e0 intensifier votre engagement sur le sujet, tout en n&#8217;h\u00e9sitant pas \u00e0 tendre la main et \u00e0 d\u00e9fier Selavip lorsque des opportunit\u00e9s pertinentes se pr\u00e9sentent.<\/em><\/p>\n<p><em>La famille du P\u00e8re Josse, qui soutient Selavip pour favoriser son d\u00e9veloppement futur, ainsi que l&#8217;\u00e9quipe Selavip, se r\u00e9jouissent de s&#8217;associer \u00e0 vous pour d\u00e9fendre les int\u00e9r\u00eats des plus d\u00e9munis des habitants des bidonvilles et d&#8217;\u00eatre en contact avec vous \u00e0 l&#8217;avenir pour ce noble but.<\/em><\/p>\n<p><em>En attendant, nous esp\u00e9rons que vous prendrez plaisir \u00e0 regarder le documentaire sur le p\u00e8re Josse.<\/em><\/p>\n<p><center><iframe loading=\"lazy\" title=\"AVEZ VOUS DEJA CROIS\u00c9 UN ANGE?\/JOSSE VAN DER REST\" width=\"640\" height=\"360\" src=\"https:\/\/www.youtube.com\/embed\/RV4Onwfqxx8?feature=oembed\" frameborder=\"0\" allow=\"accelerometer; autoplay; clipboard-write; encrypted-media; gyroscope; picture-in-picture; web-share\" referrerpolicy=\"strict-origin-when-cross-origin\" allowfullscreen><\/iframe><\/center><\/p>",
        "protected": false
    },
    "excerpt": {
        "rendered": "<p>Como ya lo sabr\u00e1n, hoy es el primer aniversario del fallecimiento del carism\u00e1tico fundador de Selavip, el\u00a0padre Josse vannn der Rest s.j. En esta oportunidad, queremos compartir con ustedes a continuaci\u00f3n los enlaces a un documental de 30 minutos sobre \u00e9l, producido poco antes de su muerte (en ingl\u00e9s, espa\u00f1ol y franc\u00e9s). Nos gustar\u00eda aprovechar [&hellip;]<\/p>",
        "protected": false
    },
    "author": 1,
    "featured_media": 797,
    "comment_status": "open",
    "ping_status": "open",
    "sticky": false,
    "template": "",
    "format": "standard",
    "meta": {
        "_acf_changed": false,
        "inline_featured_image": false,
        "footnotes": ""
    },
    "categories": [
        2
    ],
    "tags": [],
    "class_list": [
        "post-792",
        "post",
        "type-post",
        "status-publish",
        "format-standard",
        "has-post-thumbnail",
        "hentry",
        "category-noticias"
    ],
    "acf": [],
    "_links": {
        "self": [
            {
                "href": "https:\/\/www.selavip.org\/es\/wp-json\/wp\/v2\/posts\/792",
                "targetHints": {
                    "allow": [
                        "GET"
                    ]
                }
            }
        ],
        "collection": [
            {
                "href": "https:\/\/www.selavip.org\/es\/wp-json\/wp\/v2\/posts"
            }
        ],
        "about": [
            {
                "href": "https:\/\/www.selavip.org\/es\/wp-json\/wp\/v2\/types\/post"
            }
        ],
        "author": [
            {
                "embeddable": true,
                "href": "https:\/\/www.selavip.org\/es\/wp-json\/wp\/v2\/users\/1"
            }
        ],
        "replies": [
            {
                "embeddable": true,
                "href": "https:\/\/www.selavip.org\/es\/wp-json\/wp\/v2\/comments?post=792"
            }
        ],
        "version-history": [
            {
                "count": 9,
                "href": "https:\/\/www.selavip.org\/es\/wp-json\/wp\/v2\/posts\/792\/revisions"
            }
        ],
        "predecessor-version": [
            {
                "id": 803,
                "href": "https:\/\/www.selavip.org\/es\/wp-json\/wp\/v2\/posts\/792\/revisions\/803"
            }
        ],
        "wp:featuredmedia": [
            {
                "embeddable": true,
                "href": "https:\/\/www.selavip.org\/es\/wp-json\/wp\/v2\/media\/797"
            }
        ],
        "wp:attachment": [
            {
                "href": "https:\/\/www.selavip.org\/es\/wp-json\/wp\/v2\/media?parent=792"
            }
        ],
        "wp:term": [
            {
                "taxonomy": "category",
                "embeddable": true,
                "href": "https:\/\/www.selavip.org\/es\/wp-json\/wp\/v2\/categories?post=792"
            },
            {
                "taxonomy": "post_tag",
                "embeddable": true,
                "href": "https:\/\/www.selavip.org\/es\/wp-json\/wp\/v2\/tags?post=792"
            }
        ],
        "curies": [
            {
                "name": "wp",
                "href": "https:\/\/api.w.org\/{rel}",
                "templated": true
            }
        ]
    }
}